{"id":868,"date":"2021-06-23T22:59:03","date_gmt":"2021-06-24T02:59:03","guid":{"rendered":"http:\/\/trabajosocial.ubiobio.cl\/?p=868"},"modified":"2021-06-23T23:05:52","modified_gmt":"2021-06-24T03:05:52","slug":"bienvenidas-y-bienvenidos","status":"publish","type":"post","link":"http:\/\/trabajosocial.ubiobio.cl\/?p=868","title":{"rendered":"Bienvenidas y Bienvenidos"},"content":{"rendered":"\n<p>Esta es la nueva pagina de la carrera de trabajo social de la Universidad del B\u00edo-B\u00edo ; desde ahora las sedes de chillan y concepci\u00f3n compartir\u00e1n la misma pagina<\/p>\n\n\n\n<figure class=\"wp-block-image size-large\"><img loading=\"lazy\" width=\"750\" height=\"400\" src=\"http:\/\/trabajosocial.ubiobio.cl\/wp-content\/uploads\/2020\/11\/u-del-bio-bio.jpg\" alt=\"\" class=\"wp-image-348\" srcset=\"http:\/\/trabajosocial.ubiobio.cl\/wp-content\/uploads\/2020\/11\/u-del-bio-bio.jpg 750w, http:\/\/trabajosocial.ubiobio.cl\/wp-content\/uploads\/2020\/11\/u-del-bio-bio-300x160.jpg 300w\" sizes=\"(max-width: 750px) 100vw, 750px\" \/><\/figure>\n","protected":false},"excerpt":{"rendered":"<p>Esta es la nueva pagina de la carrera de trabajo social de la Universidad del B\u00edo-B\u00edo ; desde ahora las sedes de chillan y concepci\u00f3n compartir\u00e1n la misma pagina<\/p>\n","protected":false},"author":8,"featured_media":0,"comment_status":"closed","ping_status":"open","sticky":false,"template":"","format":"standard","meta":{"pgc_sgb_lightbox_settings":""},"categories":[8],"tags":[],"_links":{"self":[{"href":"http:\/\/trabajosocial.ubiobio.cl\/index.php?rest_route=\/wp\/v2\/posts\/868"}],"collection":[{"href":"http:\/\/trabajosocial.ubiobio.cl\/index.php?rest_route=\/wp\/v2\/posts"}],"about":[{"href":"http:\/\/trabajosocial.ubiobio.cl\/index.php?rest_route=\/wp\/v2\/types\/post"}],"author":[{"embeddable":true,"href":"http:\/\/trabajosocial.ubiobio.cl\/index.php?rest_route=\/wp\/v2\/users\/8"}],"replies":[{"embeddable":true,"href":"http:\/\/trabajosocial.ubiobio.cl\/index.php?rest_route=%2Fwp%2Fv2%2Fcomments&post=868"}],"version-history":[{"count":2,"href":"http:\/\/trabajosocial.ubiobio.cl\/index.php?rest_route=\/wp\/v2\/posts\/868\/revisions"}],"predecessor-version":[{"id":870,"href":"http:\/\/trabajosocial.ubiobio.cl\/index.php?rest_route=\/wp\/v2\/posts\/868\/revisions\/870"}],"wp:attachment":[{"href":"http:\/\/trabajosocial.ubiobio.cl\/index.php?rest_route=%2Fwp%2Fv2%2Fmedia&parent=868"}],"wp:term":[{"taxonomy":"category","embeddable":true,"href":"http:\/\/trabajosocial.ubiobio.cl\/index.php?rest_route=%2Fwp%2Fv2%2Fcategories&post=868"},{"taxonomy":"post_tag","embeddable":true,"href":"http:\/\/trabajosocial.ubiobio.cl\/index.php?rest_route=%2Fwp%2Fv2%2Ftags&post=868"}],"curies":[{"name":"wp","href":"https:\/\/api.w.org\/{rel}","templated":true}]}}