{"id":1245,"date":"2021-10-07T12:46:20","date_gmt":"2021-10-07T15:46:20","guid":{"rendered":"http:\/\/trabajosocial.ubiobio.cl\/?p=1245"},"modified":"2021-10-07T12:46:20","modified_gmt":"2021-10-07T15:46:20","slug":"escuela-de-trabajo-social-ubb-apoya-elaboracion-del-pladeco-de-san-pedro-de-la-paz","status":"publish","type":"post","link":"http:\/\/trabajosocial.ubiobio.cl\/?p=1245","title":{"rendered":"Escuela de Trabajo Social UBB apoya elaboraci\u00f3n del Pladeco de San Pedro de la Paz"},"content":{"rendered":"\n<figure class=\"wp-block-image size-large\"><img src=\"http:\/\/noticias.ubiobio.cl\/wp-content\/uploads\/Pladeco.jpg\" alt=\"\"\/><\/figure>\n\n\n\n<p><em><strong>La Escuela de Trabajo Social de la Universidad del B\u00edo-B\u00edo est\u00e1 apoyando el proceso de elaboraci\u00f3n del Plan de Desarrollo Comunal de la Municipalidad de San Pedro de la Paz (2022-2025) a trav\u00e9s de la realizaci\u00f3n de talleres con funcionarios\/as de cada una de las direcciones municipales.<\/strong><\/em><\/p>\n\n\n\n<p>Los talleres permiten conocer la percepci\u00f3n de los y las profesionales de la Municipalidad de San Pedro de la Paz sobre las problem\u00e1ticas de la comuna. Cada grupo est\u00e1 conformado por una o dos direcciones que se re\u00fanen para identificar diversas tem\u00e1ticas, visualizar el escenario ideal y entregar propuestas concretas para incorporar al Plan de Desarrollo Comunal.<\/p>\n\n\n\n<p>La participaci\u00f3n de la UBB est\u00e1 siendo liderada por el jefe de la carrera de Trabajo Social, Felipe Saravia Cort\u00e9s, quien manifest\u00f3 que esta es una oportunidad de vinculaci\u00f3n bidireccional que permite que los y las estudiantes tengan acceso a una realidad, aportando a la comunidad con sus conocimientos y competencias adquiridas durante la formaci\u00f3n en la UBB. Igualmente, enfatiz\u00f3 en el trabajo colaborativo que se realiza con los funcionarios\/as del municipio.<\/p>\n\n\n\n<p>Por su parte, el director de la Secretar\u00eda de Planificaci\u00f3n Comunal y coordinador del Pladeco 2022-2025, Andr\u00e9s Castillo Valenzuela, se\u00f1al\u00f3 que Plan de Desarrollo Comunal es uno de los instrumentos de gesti\u00f3n m\u00e1s importante de un municipio, que de acuerdo a lo establecido en la Ley Org\u00e1nica Constitucional de Municipalidades, tiene por finalidad orientar el desarrollo de la comuna hacia un mejor futuro deseado y mejorar la calidad de vida de sus habitantes, mediante la selecci\u00f3n y priorizaci\u00f3n de proyectos centrados en las personas.<\/p>\n\n\n\n<p>\u201cLa participaci\u00f3n de todas y todos los funcionarios municipales, lo vemos como una oportunidad para aportar t\u00e9cnicamente y desde la experiencia de sus distintas funciones,&nbsp; la visi\u00f3n de futuro y lo que queremos para nuestra comuna en los distintos \u00e1mbitos del territorio. Los talleres municipales y&nbsp; los que se realizar\u00e1n en las Unidades Vecinales, ser\u00e1n parte tanto del diagn\u00f3stico participativo como de la construcci\u00f3n de lineamientos estrat\u00e9gicos\u201d, precis\u00f3.<\/p>\n\n\n\n<p>La autoridad municipal destac\u00f3 la voluntad pol\u00edtica de alcalde, directivos y concejales para formular un Pladeco integral y participativo, en conjunto las universidades del Biob\u00edo y San Sebasti\u00e1n, &nbsp;funcionarias y funcionarios municipales y la comunidad.<\/p>\n\n\n\n<p>Asimismo, valor\u00f3 el profesionalismo de la Escuela de Trabajo Social de la Universidad del B\u00edo-B\u00edo, a trav\u00e9s del acad\u00e9mico Felipe Saravia y la buena disposici\u00f3n y preparaci\u00f3n de sus estudiantes, la alta participaci\u00f3n de los funcionarios\/as de cada direcci\u00f3n municipal y la aplicaci\u00f3n de protocolo Covid en cada una de las actividades.<\/p>\n\n\n\n<p><strong>&nbsp;<\/strong><strong>Formaci\u00f3n y servicio a la comunidad<\/strong><\/p>\n\n\n\n<p><strong>&nbsp;<\/strong>El estudiante Marko S\u00e1nchez Lepe relev\u00f3 el v\u00ednculo con la comunidad que tiene la universidad p\u00fablica y estatal de la regi\u00f3n del Biob\u00edo. \u201cSe pueden realizar aportes considerables y significativos&nbsp;al Pladeco. Como estudiantes de Trabajo Social UBB podemos contribuir con saberes y experiencias en nuestra calidad de facilitadores de las actividades realizadas con la Municipalidad, con herramientas&nbsp;que fortalecen la comunicaci\u00f3n&nbsp;y desarrollo de los talleres.<\/p>\n\n\n\n<p>Adem\u00e1s, consider\u00f3 positivo generar v\u00ednculos con la comunidad y con funcionarios\/as de San Pedro de la Paz. \u201cDespu\u00e9s de una temporada&nbsp;extensa de pandemia podemos volver a rearmar v\u00ednculos y comunicaci\u00f3n, con miras hacia una transformaci\u00f3n social que ayude a que los vecinos de la comuna y los funcionarios\/as se sientan c\u00f3modos al momento de &nbsp;expresar sus opiniones\u201d, asever\u00f3.<\/p>\n\n\n\n<p>Similar opini\u00f3n tuvo la alumna Francisca Pino Molina, quien sostuvo que esta experiencia le aportar\u00e1 mucho en su desarrollo profesional, ya que es una oportunidad para desarrollar las habilidades profesionales, compartir y aprender de los funcionarios\/as p\u00fablicos y conocer sus distintas visiones de su quehacer laboral.<\/p>\n","protected":false},"excerpt":{"rendered":"<p>La Escuela de Trabajo Social de la Universidad del B\u00edo-B\u00edo est\u00e1 apoyando el proceso de elaboraci\u00f3n del Plan de Desarrollo Comunal de la Municipalidad de San Pedro de la Paz (2022-2025) a trav\u00e9s de la realizaci\u00f3n de talleres con funcionarios\/as de cada una de las direcciones municipales. Los talleres permiten conocer la percepci\u00f3n de los [&hellip;]<\/p>\n","protected":false},"author":1,"featured_media":0,"comment_status":"open","ping_status":"open","sticky":false,"template":"","format":"standard","meta":{"pgc_sgb_lightbox_settings":""},"categories":[1],"tags":[],"_links":{"self":[{"href":"http:\/\/trabajosocial.ubiobio.cl\/index.php?rest_route=\/wp\/v2\/posts\/1245"}],"collection":[{"href":"http:\/\/trabajosocial.ubiobio.cl\/index.php?rest_route=\/wp\/v2\/posts"}],"about":[{"href":"http:\/\/trabajosocial.ubiobio.cl\/index.php?rest_route=\/wp\/v2\/types\/post"}],"author":[{"embeddable":true,"href":"http:\/\/trabajosocial.ubiobio.cl\/index.php?rest_route=\/wp\/v2\/users\/1"}],"replies":[{"embeddable":true,"href":"http:\/\/trabajosocial.ubiobio.cl\/index.php?rest_route=%2Fwp%2Fv2%2Fcomments&post=1245"}],"version-history":[{"count":2,"href":"http:\/\/trabajosocial.ubiobio.cl\/index.php?rest_route=\/wp\/v2\/posts\/1245\/revisions"}],"predecessor-version":[{"id":1259,"href":"http:\/\/trabajosocial.ubiobio.cl\/index.php?rest_route=\/wp\/v2\/posts\/1245\/revisions\/1259"}],"wp:attachment":[{"href":"http:\/\/trabajosocial.ubiobio.cl\/index.php?rest_route=%2Fwp%2Fv2%2Fmedia&parent=1245"}],"wp:term":[{"taxonomy":"category","embeddable":true,"href":"http:\/\/trabajosocial.ubiobio.cl\/index.php?rest_route=%2Fwp%2Fv2%2Fcategories&post=1245"},{"taxonomy":"post_tag","embeddable":true,"href":"http:\/\/trabajosocial.ubiobio.cl\/index.php?rest_route=%2Fwp%2Fv2%2Ftags&post=1245"}],"curies":[{"name":"wp","href":"https:\/\/api.w.org\/{rel}","templated":true}]}}