{"id":1150,"date":"2021-09-15T15:48:20","date_gmt":"2021-09-15T18:48:20","guid":{"rendered":"http:\/\/trabajosocial.ubiobio.cl\/?p=1150"},"modified":"2021-09-15T15:49:37","modified_gmt":"2021-09-15T18:49:37","slug":"ciisets-realizo-seminario-sobre-sistemas-garantes-de-derechos-de-la-ninez-y-juventud","status":"publish","type":"post","link":"http:\/\/trabajosocial.ubiobio.cl\/?p=1150","title":{"rendered":"CIISETS realiz\u00f3 seminario sobre sistemas garantes de derechos de la ni\u00f1ez y juventud"},"content":{"rendered":"\n<figure class=\"wp-block-image size-large\"><img src=\"http:\/\/noticias.ubiobio.cl\/wp-content\/uploads\/Screenshot_1jiuiui.jpg\" alt=\"\"\/><\/figure>\n\n\n\n<p><strong>Con m\u00e1s de 180 participantes y cinco conferencias de expertos\/as nacionales e internacionales se realiz\u00f3 el seminario \u201cSistemas garantes de derechos de la ni\u00f1ez y juventud: fortaleciendo la red regional\u201d, organizado por el Centro de Intervenci\u00f3n e Investigaci\u00f3n Social de la Escuela de Trabajo Social (CIISETS) de la Universidad del B\u00edo-B\u00edo. La actividad se enmarca en el Proyecto de Extensi\u00f3n Relevante \u201cEnfoque de Derechos y fortalecimiento de las redes institucionales y comunitarias en Infancia y Adolescencia para la Regi\u00f3n de \u00d1uble: avanzando hacia la instalaci\u00f3n de un sistema integrado\u201d, liderado por el acad\u00e9mico del Departamento de Ciencias Sociales, H\u00e9ctor Vargas Mu\u00f1oz.<\/strong><\/p>\n\n\n\n<p>El evento, explic\u00f3 el coordinador acad\u00e9mico del CIISETS, entreg\u00f3 a profesionales de la Regi\u00f3n vinculados a la ejecuci\u00f3n de pol\u00edticas de infancia, orientaciones de los organismos internacionales asociados a la promoci\u00f3n y protecci\u00f3n de derechos de los ni\u00f1os, ni\u00f1as y j\u00f3venes, un an\u00e1lisis sobre las transformaciones de la institucionalidad nacional y conocimiento respecto a distintas experiencias de trabajo intersectorial que contribuyan a consolidar un sistema garante de derechos.<\/p>\n\n\n\n<p>Asimismo, el acad\u00e9mico agradeci\u00f3 el amplio inter\u00e9s que gener\u00f3 el seminario, as\u00ed como el trabajo del equipo integrado por el trabajador social y encargado t\u00e9cnico de CIISETS, Sady Leaman, y&nbsp;las estudiantes en pr\u00e1ctica, Carolina Escobar y Mar\u00eda Paz Cid, quienes colaboraron activamente en la planificaci\u00f3n y ejecuci\u00f3n de este importante evento.<\/p>\n\n\n\n<p>En la jornada de inauguraci\u00f3n el gobernador regional de \u00d1uble, \u00d3scar Cris\u00f3stomo Llanos, expres\u00f3 su pleno respaldo al proyecto de extensi\u00f3n ejecutado por CIISETS y sostuvo que como GORE se involucrar\u00edan como colaboradores activos en la red de Infancia. Tambi\u00e9n particip\u00f3 del evento el decano de la Facultad de Educaci\u00f3n y Humanidades, Marco Reyes Coca, y el director de Extensi\u00f3n UBB, Leonado Seguel Briones.<\/p>\n\n\n\n<p><strong>Conferencias<\/strong><\/p>\n\n\n\n<p>\u201cOrientaci\u00f3n de pol\u00edticas sociales de UNICEF Chile\u201d se denomin\u00f3 la charla de la especialista en pol\u00edticas sociales de UNICEF Chile, Paula Pacheco Flanagan. La profesional destac\u00f3 la importancia de consolidar un sistema de protecci\u00f3n integral de la ni\u00f1ez bajo tres aspectos, establecer un piso de protecci\u00f3n social sensible a la ni\u00f1ez, el desarrollo de sistemas locales de protecci\u00f3n integral de derechos y un monitoreo y evaluaci\u00f3n de programas e inversi\u00f3n p\u00fablica en ni\u00f1ez.<\/p>\n\n\n\n<p>Desde M\u00e9xico la gerente de Investigaci\u00f3n, Monitoreo y Evaluaci\u00f3n del Observatorio Regional Tejiendo Redes de Infancia, Carolina Vargas Romero, dict\u00f3 la conferencia \u201cDefensa y promoci\u00f3n de los derechos de la infancia y juventud en el contexto Latinoamericano\u201d, donde profundiz\u00f3 en la importancia de que los pa\u00edses cuenten con un marco jur\u00eddico e institucional que permita prevenir las violaciones a los derechos de los ni\u00f1os, ni\u00f1as y j\u00f3venes.<\/p>\n\n\n\n<p>El secretario del Bloque por la Infancia Chile y encargado de Estudios de Fundaci\u00f3n Mi Casa, Jorge Mart\u00ednez Mu\u00f1oz, present\u00f3 \u201cTransformaciones de la institucionalidad en torno a la protecci\u00f3n y promoci\u00f3n de los derechos de la infancia y juventud en Chile\u201d, enfatizando en la necesidad de que nuestro pa\u00eds cuente con una ley de protecci\u00f3n integral de la ni\u00f1ez con altos est\u00e1ndares y que se establezca una entidad rectora en esta materia. Adem\u00e1s, el expositor se refiri\u00f3 al proyecto de Ley de Garant\u00edas y Protecci\u00f3n Integral de los Derechos de la Ni\u00f1ez y Adolescencia, que en t\u00e9rminos de participaci\u00f3n efectiva se detalla el concepto en algunas partes, \u201cpero no hay un articulado espec\u00edfico sobre participaci\u00f3n, por ende, no queda clara la definici\u00f3n que le da esta ley a la participaci\u00f3n, menos a\u00fan como se va a configurar lo que debiese ser una alianza estrat\u00e9gica entre el Estado y organismos de la sociedad civil\u201d.<\/p>\n\n\n\n<p>En la jornada de la tarde la jefa de la Divisi\u00f3n de Desarrollo Social y Humano de la Gobernaci\u00f3n Regional de \u00d1uble, Tamara Valenzuela Fuentealba, present\u00f3 la charla \u201cOperativizaci\u00f3n de las orientaciones estructurales de las pol\u00edticas de infancia y juventud en el contexto regional\u201d, donde dio cuenta de los lineamientos program\u00e1ticos de la Gobernaci\u00f3n Regional respecto a la tem\u00e1tica tratada en el seminario, as\u00ed como tambi\u00e9n que dentro de los principales desaf\u00edos del organismo est\u00e1 la necesidad de mejorar la calidad de instrumentos de planificaci\u00f3n del desarrollo territorial, generando sistemas regionales de planificaci\u00f3n\u201d. La profesional adem\u00e1s abord\u00f3 su reciente incorporaci\u00f3n a la Red de Infancia \u00d1uble, conformada al alero del Proyecto de Extensi\u00f3n de UBB.<\/p>\n\n\n\n<p>Juan Pablo Venegas, vocero suplente del Bloque por la Infancia y Gerente de Advocacy en la Fundaci\u00f3n World Vision Chile, dict\u00f3 la conferencia \u201cExperiencias de trabajo intersectorial que contribuyen a consolidar un sistema garante de derechos en la regi\u00f3n de \u00d1uble\u201d, informando sobre la manera en que su organizaci\u00f3n ha desarrollado experiencias de trabajo con ni\u00f1os, ni\u00f1as y j\u00f3venes. A su vez, sostuvo que a nivel general las instituciones centran la evaluaci\u00f3n de sus resultados s\u00f3lo en t\u00e9rminos administrativos, soslayando de este modo la evaluaci\u00f3n y el impacto que tienen las experiencias de trabajo en la vida de los ni\u00f1os, ni\u00f1as y j\u00f3venes.<\/p>\n\n\n\n<p>Para ver el seminario completo, visitar el siguiente link\u00a0<a href=\"http:\/\/ubb.cl\/347476\">http:\/\/ubb.cl\/347476<\/a><\/p>\n\n\n\n<p>Fuente: http:\/\/noticias.ubiobio.cl\/2021\/09\/14\/ciisets-realizo-seminario-sobre-sistemas-garantes-de-derechos-de-la-ninez-y-juventud\/<\/p>\n\n\n\n<p><\/p>\n","protected":false},"excerpt":{"rendered":"<p>Con m\u00e1s de 180 participantes y cinco conferencias de expertos\/as nacionales e internacionales se realiz\u00f3 el seminario \u201cSistemas garantes de derechos de la ni\u00f1ez y juventud: fortaleciendo la red regional\u201d, organizado por el Centro de Intervenci\u00f3n e Investigaci\u00f3n Social de la Escuela de Trabajo Social (CIISETS) de la Universidad del B\u00edo-B\u00edo. La actividad se enmarca [&hellip;]<\/p>\n","protected":false},"author":1,"featured_media":0,"comment_status":"open","ping_status":"open","sticky":false,"template":"","format":"standard","meta":{"pgc_sgb_lightbox_settings":""},"categories":[1],"tags":[],"_links":{"self":[{"href":"http:\/\/trabajosocial.ubiobio.cl\/index.php?rest_route=\/wp\/v2\/posts\/1150"}],"collection":[{"href":"http:\/\/trabajosocial.ubiobio.cl\/index.php?rest_route=\/wp\/v2\/posts"}],"about":[{"href":"http:\/\/trabajosocial.ubiobio.cl\/index.php?rest_route=\/wp\/v2\/types\/post"}],"author":[{"embeddable":true,"href":"http:\/\/trabajosocial.ubiobio.cl\/index.php?rest_route=\/wp\/v2\/users\/1"}],"replies":[{"embeddable":true,"href":"http:\/\/trabajosocial.ubiobio.cl\/index.php?rest_route=%2Fwp%2Fv2%2Fcomments&post=1150"}],"version-history":[{"count":3,"href":"http:\/\/trabajosocial.ubiobio.cl\/index.php?rest_route=\/wp\/v2\/posts\/1150\/revisions"}],"predecessor-version":[{"id":1153,"href":"http:\/\/trabajosocial.ubiobio.cl\/index.php?rest_route=\/wp\/v2\/posts\/1150\/revisions\/1153"}],"wp:attachment":[{"href":"http:\/\/trabajosocial.ubiobio.cl\/index.php?rest_route=%2Fwp%2Fv2%2Fmedia&parent=1150"}],"wp:term":[{"taxonomy":"category","embeddable":true,"href":"http:\/\/trabajosocial.ubiobio.cl\/index.php?rest_route=%2Fwp%2Fv2%2Fcategories&post=1150"},{"taxonomy":"post_tag","embeddable":true,"href":"http:\/\/trabajosocial.ubiobio.cl\/index.php?rest_route=%2Fwp%2Fv2%2Ftags&post=1150"}],"curies":[{"name":"wp","href":"https:\/\/api.w.org\/{rel}","templated":true}]}}